[{"@context":"https:\/\/schema.org\/","@type":"Article","@id":"https:\/\/www.daguerre.cz\/zajima-vas-profesionalni-kosmetika\/#Article","mainEntityOfPage":"https:\/\/www.daguerre.cz\/zajima-vas-profesionalni-kosmetika\/","headline":"Zaj\u00edm\u00e1 V\u00e1s profesion\u00e1ln\u00ed kosmetika?","name":"Zaj\u00edm\u00e1 V\u00e1s profesion\u00e1ln\u00ed kosmetika?","description":"Chcete m\u00edt doma n\u011bco, co jen tak n\u011bkdo nem\u00e1? Cht\u011bli byste m\u00edt doma skute\u010dn\u011b kvalitn\u00ed kosmetick\u00e9 p\u0159\u00edpravky, kter\u00e9 svou kvalitou i \u00fa\u010dinky dalece p\u0159ed\u010d\u00ed sv\u00e9 levn\u011bj\u0161\u00ed konkurenty? Odpov\u011b\u010f zn\u00ed: \u201eSamoz\u0159ejm\u011b, \u017ee ano!\u201c Jak jinak by tak\u00e9 mohla zn\u00edt? Kter\u00e1 d\u00edvka,... <a class=\"more-link\" href=\"https:\/\/www.daguerre.cz\/zajima-vas-profesionalni-kosmetika\/\">Pokra\u010dovat ve \u010dten\u00ed &rarr;<\/a>","datePublished":"2024-10-17","dateModified":"2024-10-17","author":{"@type":"Person","@id":"https:\/\/www.daguerre.cz\/author\/devene\/#Person","name":"devene","url":"https:\/\/www.daguerre.cz\/author\/devene\/","identifier":1,"image":{"@type":"ImageObject","@id":"https:\/\/secure.gravatar.com\/avatar\/093836c6bc976bea6a4c3cd39f9136c261430c33201aa865249fef2be34e3fdb?s=96&d=mm&r=g","url":"https:\/\/secure.gravatar.com\/avatar\/093836c6bc976bea6a4c3cd39f9136c261430c33201aa865249fef2be34e3fdb?s=96&d=mm&r=g","height":96,"width":96}},"publisher":{"@type":"Organization","name":"daguerre.cz","logo":{"@type":"ImageObject","@id":"\/logo.png","url":"\/logo.png","width":600,"height":60}},"url":"https:\/\/www.daguerre.cz\/zajima-vas-profesionalni-kosmetika\/","wordCount":220,"articleBody":"Chcete m\u00edt doma n\u011bco, co jen tak n\u011bkdo nem\u00e1? Cht\u011bli byste m\u00edt doma skute\u010dn\u011b kvalitn\u00ed kosmetick\u00e9 p\u0159\u00edpravky, kter\u00e9 svou kvalitou i \u00fa\u010dinky dalece p\u0159ed\u010d\u00ed sv\u00e9 levn\u011bj\u0161\u00ed konkurenty? Odpov\u011b\u010f zn\u00ed: \u201eSamoz\u0159ejm\u011b, \u017ee ano!\u201c Jak jinak by tak\u00e9 mohla zn\u00edt? Kter\u00e1 d\u00edvka, sle\u010dna, d\u00e1ma \u010di pan\u00ed by n\u011bco takov\u00e9ho necht\u011bla m\u00edt doma? Na\u010d si kupovat levnou kosmetiku, kter\u00e1 ale nem\u00e1 po\u017eadovan\u00e9 \u00fa\u010dinky, to je p\u0159eci pl\u00fdtv\u00e1n\u00ed pen\u011bzi a nic jin\u00e9ho! Zaj\u00edm\u00e1 V\u00e1s tedy ? Pod\u00edvejte se na tu v na\u0161\u00ed nab\u00eddce a jist\u011b si vyberete. Na\u0161e profesion\u00e1ln\u00ed kosmetika toti\u017e nejen, \u017ee je velice kvalitn\u00ed, je z\u00e1rove\u0148 i cenov\u011b dostupn\u00e1, tak nev\u00e1hejte!\t\u0158e\u0161en\u00ed zn\u00e1 na\u0161e profesion\u00e1ln\u00ed kosmetika!Pokud chcete u\u017e\u00edvat jen kosmetick\u00fdch p\u0159\u00edpravk\u016f, kter\u00e9 V\u00e1s nezklamou a kter\u00e9 budou skute\u010dn\u011b \u00fa\u010dinkovat, pak je nasnad\u011b vyu\u017e\u00edt na\u0161\u00ed nab\u00eddky. Na\u0161e profesion\u00e1ln\u00ed kosmetika V\u00e1s toti\u017e zaru\u010den\u011b nezklame. Je vyrobena jen z t\u011bch nejvybran\u011bj\u0161\u00edch a nejkvalitn\u011bj\u0161\u00edch surovin, z \u00fa\u010dinn\u00fdch l\u00e1tek, kter\u00e9 maj\u00ed blahod\u00e1rn\u00e9 \u00fa\u010dinky na lidskou ple\u0165. Pou\u017e\u00edvejte jen takovou kosmetiku, kter\u00e1 m\u00e1 prok\u00e1zan\u00e9 \u00fa\u010dinky. Pou\u017e\u00edvejte na\u0161i kosmetiku!                                                                                                                                                                                                                                                                                                                                                                                        4.2\/5 - (5 votes)        "},{"@context":"https:\/\/schema.org\/","@type":"BreadcrumbList","itemListElement":[{"@type":"ListItem","position":1,"name":"Zaj\u00edm\u00e1 V\u00e1s profesion\u00e1ln\u00ed kosmetika?","item":"https:\/\/www.daguerre.cz\/zajima-vas-profesionalni-kosmetika\/#breadcrumbitem"}]}]