{"@context":"https:\/\/schema.org\/","@type":"CollectionPage","@id":"https:\/\/www.daguerre.cz\/vyrobky\/#CollectionPage","headline":"V\u00fdrobky Category","description":"","url":"https:\/\/www.daguerre.cz\/vyrobky\/","hasPart":[{"@type":"Article","@id":"https:\/\/www.daguerre.cz\/obleknete-svuj-mobil-do-slusiveho-kabatku\/","headline":"Obl\u00e9kn\u011bte sv\u016fj mobil do slu\u0161iv\u00e9ho kab\u00e1tku!","url":"https:\/\/www.daguerre.cz\/obleknete-svuj-mobil-do-slusiveho-kabatku\/","datePublished":"2021-09-02","dateModified":"2023-05-15","mainEntityOfPage":"https:\/\/www.daguerre.cz\/obleknete-svuj-mobil-do-slusiveho-kabatku\/","author":{"@type":"Person","@id":"https:\/\/www.daguerre.cz\/author\/devene\/#Person","name":"devene","url":"https:\/\/www.daguerre.cz\/author\/devene\/","identifier":1,"image":{"@type":"ImageObject","@id":"https:\/\/secure.gravatar.com\/avatar\/093836c6bc976bea6a4c3cd39f9136c261430c33201aa865249fef2be34e3fdb?s=96&d=mm&r=g","url":"https:\/\/secure.gravatar.com\/avatar\/093836c6bc976bea6a4c3cd39f9136c261430c33201aa865249fef2be34e3fdb?s=96&d=mm&r=g","height":96,"width":96}},"publisher":{"@type":"Organization","name":"daguerre.cz","logo":{"@type":"ImageObject","@id":"\/logo.png","url":"\/logo.png","width":600,"height":60}},"image":{"@type":"ImageObject","@id":"https:\/\/www.daguerre.cz\/wp-content\/uploads\/casings-5671111__340.jpg","url":"https:\/\/www.daguerre.cz\/wp-content\/uploads\/casings-5671111__340.jpg","height":0,"width":0},"keywords":null},{"@type":"Article","@id":"https:\/\/www.daguerre.cz\/proc-jsou-akce-a-slevy-beznou-soucasti-marketingu\/","headline":"Pro\u010d jsou akce a slevy b\u011b\u017enou sou\u010d\u00e1st\u00ed marketingu","url":"https:\/\/www.daguerre.cz\/proc-jsou-akce-a-slevy-beznou-soucasti-marketingu\/","datePublished":"2021-09-02","dateModified":"2023-05-15","mainEntityOfPage":"https:\/\/www.daguerre.cz\/proc-jsou-akce-a-slevy-beznou-soucasti-marketingu\/","author":{"@type":"Person","@id":"https:\/\/www.daguerre.cz\/author\/devene\/#Person","name":"devene","url":"https:\/\/www.daguerre.cz\/author\/devene\/","identifier":1,"image":{"@type":"ImageObject","@id":"https:\/\/secure.gravatar.com\/avatar\/093836c6bc976bea6a4c3cd39f9136c261430c33201aa865249fef2be34e3fdb?s=96&d=mm&r=g","url":"https:\/\/secure.gravatar.com\/avatar\/093836c6bc976bea6a4c3cd39f9136c261430c33201aa865249fef2be34e3fdb?s=96&d=mm&r=g","height":96,"width":96}},"publisher":{"@type":"Organization","name":"daguerre.cz","logo":{"@type":"ImageObject","@id":"\/logo.png","url":"\/logo.png","width":600,"height":60}},"image":{"@type":"ImageObject","@id":"https:\/\/www.daguerre.cz\/wp-content\/uploads\/sleva1.jpg","url":"https:\/\/www.daguerre.cz\/wp-content\/uploads\/sleva1.jpg","height":0,"width":0},"keywords":null},{"@type":"Article","@id":"https:\/\/www.daguerre.cz\/jak-vybrat-vhodny-altan-na-zahradu\/","headline":"Jak vybrat vhodn\u00fd alt\u00e1n na zahradu","url":"https:\/\/www.daguerre.cz\/jak-vybrat-vhodny-altan-na-zahradu\/","datePublished":"2021-08-07","dateModified":"2023-12-20","mainEntityOfPage":"https:\/\/www.daguerre.cz\/jak-vybrat-vhodny-altan-na-zahradu\/","author":{"@type":"Person","@id":"https:\/\/www.daguerre.cz\/author\/devene\/#Person","name":"devene","url":"https:\/\/www.daguerre.cz\/author\/devene\/","identifier":1,"image":{"@type":"ImageObject","@id":"https:\/\/secure.gravatar.com\/avatar\/093836c6bc976bea6a4c3cd39f9136c261430c33201aa865249fef2be34e3fdb?s=96&d=mm&r=g","url":"https:\/\/secure.gravatar.com\/avatar\/093836c6bc976bea6a4c3cd39f9136c261430c33201aa865249fef2be34e3fdb?s=96&d=mm&r=g","height":96,"width":96}},"publisher":{"@type":"Organization","name":"daguerre.cz","logo":{"@type":"ImageObject","@id":"\/logo.png","url":"\/logo.png","width":600,"height":60}},"image":{"@type":"ImageObject","@id":"https:\/\/www.daguerre.cz\/wp-content\/uploads\/altan1_10_2.jpg","url":"https:\/\/www.daguerre.cz\/wp-content\/uploads\/altan1_10_2.jpg","height":0,"width":0},"keywords":null},{"@type":"Article","@id":"https:\/\/www.daguerre.cz\/deti-a-cisteni-zubu-jak-jim-ustni-hygienu-zprijemnit-a-naucit-je-cistit-si-zuby\/","headline":"D\u011bti a \u010di\u0161t\u011bn\u00ed zub\u016f &#8211; Jak jim \u00fastn\u00ed hygienu zp\u0159\u00edjemnit a nau\u010dit je \u010distit si zuby?","url":"https:\/\/www.daguerre.cz\/deti-a-cisteni-zubu-jak-jim-ustni-hygienu-zprijemnit-a-naucit-je-cistit-si-zuby\/","datePublished":"2021-08-05","dateModified":"2023-08-17","mainEntityOfPage":"https:\/\/www.daguerre.cz\/deti-a-cisteni-zubu-jak-jim-ustni-hygienu-zprijemnit-a-naucit-je-cistit-si-zuby\/","author":{"@type":"Person","@id":"https:\/\/www.daguerre.cz\/author\/devene\/#Person","name":"devene","url":"https:\/\/www.daguerre.cz\/author\/devene\/","identifier":1,"image":{"@type":"ImageObject","@id":"https:\/\/secure.gravatar.com\/avatar\/093836c6bc976bea6a4c3cd39f9136c261430c33201aa865249fef2be34e3fdb?s=96&d=mm&r=g","url":"https:\/\/secure.gravatar.com\/avatar\/093836c6bc976bea6a4c3cd39f9136c261430c33201aa865249fef2be34e3fdb?s=96&d=mm&r=g","height":96,"width":96}},"publisher":{"@type":"Organization","name":"daguerre.cz","logo":{"@type":"ImageObject","@id":"\/logo.png","url":"\/logo.png","width":600,"height":60}},"image":{"@type":"ImageObject","@id":"https:\/\/www.daguerre.cz\/wp-content\/uploads\/pexels-photo-4202922_2.jpeg","url":"https:\/\/www.daguerre.cz\/wp-content\/uploads\/pexels-photo-4202922_2.jpeg","height":0,"width":0},"keywords":null},{"@type":"Article","@id":"https:\/\/www.daguerre.cz\/jeji-vyuziti-je-skutecne-velmi-siroke\/","headline":"Jej\u00ed vyu\u017eit\u00ed je skute\u010dn\u011b velmi \u0161irok\u00e9","url":"https:\/\/www.daguerre.cz\/jeji-vyuziti-je-skutecne-velmi-siroke\/","datePublished":"2021-06-21","dateModified":"2023-10-03","mainEntityOfPage":"https:\/\/www.daguerre.cz\/jeji-vyuziti-je-skutecne-velmi-siroke\/","author":{"@type":"Person","@id":"https:\/\/www.daguerre.cz\/author\/devene\/#Person","name":"devene","url":"https:\/\/www.daguerre.cz\/author\/devene\/","identifier":1,"image":{"@type":"ImageObject","@id":"https:\/\/secure.gravatar.com\/avatar\/093836c6bc976bea6a4c3cd39f9136c261430c33201aa865249fef2be34e3fdb?s=96&d=mm&r=g","url":"https:\/\/secure.gravatar.com\/avatar\/093836c6bc976bea6a4c3cd39f9136c261430c33201aa865249fef2be34e3fdb?s=96&d=mm&r=g","height":96,"width":96}},"publisher":{"@type":"Organization","name":"daguerre.cz","logo":{"@type":"ImageObject","@id":"\/logo.png","url":"\/logo.png","width":600,"height":60}},"image":{"@type":"ImageObject","@id":"https:\/\/www.daguerre.cz\/wp-content\/uploads\/kamenn%C3%A1%20ze%C4%8F.jpeg","url":"https:\/\/www.daguerre.cz\/wp-content\/uploads\/kamenn%C3%A1%20ze%C4%8F.jpeg","height":0,"width":0},"keywords":null},{"@type":"Article","@id":"https:\/\/www.daguerre.cz\/zip-sacek-jako-pomocnik-pri-stehovani\/","headline":"Zip s\u00e1\u010dek jako pomocn\u00edk p\u0159i st\u011bhov\u00e1n\u00ed","url":"https:\/\/www.daguerre.cz\/zip-sacek-jako-pomocnik-pri-stehovani\/","datePublished":"2021-02-17","dateModified":"2023-05-15","mainEntityOfPage":"https:\/\/www.daguerre.cz\/zip-sacek-jako-pomocnik-pri-stehovani\/","author":{"@type":"Person","@id":"https:\/\/www.daguerre.cz\/author\/devene\/#Person","name":"devene","url":"https:\/\/www.daguerre.cz\/author\/devene\/","identifier":1,"image":{"@type":"ImageObject","@id":"https:\/\/secure.gravatar.com\/avatar\/093836c6bc976bea6a4c3cd39f9136c261430c33201aa865249fef2be34e3fdb?s=96&d=mm&r=g","url":"https:\/\/secure.gravatar.com\/avatar\/093836c6bc976bea6a4c3cd39f9136c261430c33201aa865249fef2be34e3fdb?s=96&d=mm&r=g","height":96,"width":96}},"publisher":{"@type":"Organization","name":"daguerre.cz","logo":{"@type":"ImageObject","@id":"\/logo.png","url":"\/logo.png","width":600,"height":60}},"image":{"@type":"ImageObject","@id":"https:\/\/www.daguerre.cz\/wp-content\/uploads\/plastov%C3%A9%20s%C3%A1%C4%8Dky_2.jpg","url":"https:\/\/www.daguerre.cz\/wp-content\/uploads\/plastov%C3%A9%20s%C3%A1%C4%8Dky_2.jpg","height":0,"width":0},"keywords":null},{"@type":"Article","@id":"https:\/\/www.daguerre.cz\/krepelci-vejce-a-jejich-vyuziti-v-kuchyni\/","headline":"K\u0159epel\u010d\u00ed vejce a jejich vyu\u017eit\u00ed v kuchyni","url":"https:\/\/www.daguerre.cz\/krepelci-vejce-a-jejich-vyuziti-v-kuchyni\/","datePublished":"2021-02-16","dateModified":"2023-05-15","mainEntityOfPage":"https:\/\/www.daguerre.cz\/krepelci-vejce-a-jejich-vyuziti-v-kuchyni\/","author":{"@type":"Person","@id":"https:\/\/www.daguerre.cz\/author\/devene\/#Person","name":"devene","url":"https:\/\/www.daguerre.cz\/author\/devene\/","identifier":1,"image":{"@type":"ImageObject","@id":"https:\/\/secure.gravatar.com\/avatar\/093836c6bc976bea6a4c3cd39f9136c261430c33201aa865249fef2be34e3fdb?s=96&d=mm&r=g","url":"https:\/\/secure.gravatar.com\/avatar\/093836c6bc976bea6a4c3cd39f9136c261430c33201aa865249fef2be34e3fdb?s=96&d=mm&r=g","height":96,"width":96}},"publisher":{"@type":"Organization","name":"daguerre.cz","logo":{"@type":"ImageObject","@id":"\/logo.png","url":"\/logo.png","width":600,"height":60}},"image":{"@type":"ImageObject","@id":"https:\/\/www.daguerre.cz\/wp-content\/uploads\/kv.jpg","url":"https:\/\/www.daguerre.cz\/wp-content\/uploads\/kv.jpg","height":0,"width":0},"keywords":null},{"@type":"Article","@id":"https:\/\/www.daguerre.cz\/zahalte-vasi-karimatku-do-slusiveho-oblecku\/","headline":"Zahalte va\u0161i karimatku do slu\u0161iv\u00e9ho oble\u010dku","url":"https:\/\/www.daguerre.cz\/zahalte-vasi-karimatku-do-slusiveho-oblecku\/","datePublished":"2020-11-30","dateModified":"2023-12-07","mainEntityOfPage":"https:\/\/www.daguerre.cz\/zahalte-vasi-karimatku-do-slusiveho-oblecku\/","author":{"@type":"Person","@id":"https:\/\/www.daguerre.cz\/author\/devene\/#Person","name":"devene","url":"https:\/\/www.daguerre.cz\/author\/devene\/","identifier":1,"image":{"@type":"ImageObject","@id":"https:\/\/secure.gravatar.com\/avatar\/093836c6bc976bea6a4c3cd39f9136c261430c33201aa865249fef2be34e3fdb?s=96&d=mm&r=g","url":"https:\/\/secure.gravatar.com\/avatar\/093836c6bc976bea6a4c3cd39f9136c261430c33201aa865249fef2be34e3fdb?s=96&d=mm&r=g","height":96,"width":96}},"publisher":{"@type":"Organization","name":"daguerre.cz","logo":{"@type":"ImageObject","@id":"\/logo.png","url":"\/logo.png","width":600,"height":60}},"image":{"@type":"ImageObject","@id":"https:\/\/www.daguerre.cz\/wp-content\/uploads\/sportovn%C3%AD%20ta%C5%A1ka%20p%C5%99es%20rameno.jpeg","url":"https:\/\/www.daguerre.cz\/wp-content\/uploads\/sportovn%C3%AD%20ta%C5%A1ka%20p%C5%99es%20rameno.jpeg","height":0,"width":0},"keywords":null},{"@type":"Article","@id":"https:\/\/www.daguerre.cz\/tricko-na-leto\/","headline":"Tri\u010dko na l\u00e9to","url":"https:\/\/www.daguerre.cz\/tricko-na-leto\/","datePublished":"2020-10-23","dateModified":"2023-05-15","mainEntityOfPage":"https:\/\/www.daguerre.cz\/tricko-na-leto\/","author":{"@type":"Person","@id":"https:\/\/www.daguerre.cz\/author\/devene\/#Person","name":"devene","url":"https:\/\/www.daguerre.cz\/author\/devene\/","identifier":1,"image":{"@type":"ImageObject","@id":"https:\/\/secure.gravatar.com\/avatar\/093836c6bc976bea6a4c3cd39f9136c261430c33201aa865249fef2be34e3fdb?s=96&d=mm&r=g","url":"https:\/\/secure.gravatar.com\/avatar\/093836c6bc976bea6a4c3cd39f9136c261430c33201aa865249fef2be34e3fdb?s=96&d=mm&r=g","height":96,"width":96}},"publisher":{"@type":"Organization","name":"daguerre.cz","logo":{"@type":"ImageObject","@id":"\/logo.png","url":"\/logo.png","width":600,"height":60}},"image":{"@type":"ImageObject","@id":"https:\/\/www.daguerre.cz\/wp-content\/uploads\/tri%C4%8Dka_2.jpg","url":"https:\/\/www.daguerre.cz\/wp-content\/uploads\/tri%C4%8Dka_2.jpg","height":0,"width":0},"keywords":null},{"@type":"Article","@id":"https:\/\/www.daguerre.cz\/je-detsky-sedaci-vak-bezpecny\/","headline":"Je d\u011btsk\u00fd sedac\u00ed vak bezpe\u010dn\u00fd?","url":"https:\/\/www.daguerre.cz\/je-detsky-sedaci-vak-bezpecny\/","datePublished":"2020-10-19","dateModified":"2023-05-15","mainEntityOfPage":"https:\/\/www.daguerre.cz\/je-detsky-sedaci-vak-bezpecny\/","author":{"@type":"Person","@id":"https:\/\/www.daguerre.cz\/author\/devene\/#Person","name":"devene","url":"https:\/\/www.daguerre.cz\/author\/devene\/","identifier":1,"image":{"@type":"ImageObject","@id":"https:\/\/secure.gravatar.com\/avatar\/093836c6bc976bea6a4c3cd39f9136c261430c33201aa865249fef2be34e3fdb?s=96&d=mm&r=g","url":"https:\/\/secure.gravatar.com\/avatar\/093836c6bc976bea6a4c3cd39f9136c261430c33201aa865249fef2be34e3fdb?s=96&d=mm&r=g","height":96,"width":96}},"publisher":{"@type":"Organization","name":"daguerre.cz","logo":{"@type":"ImageObject","@id":"\/logo.png","url":"\/logo.png","width":600,"height":60}},"image":{"@type":"ImageObject","@id":"https:\/\/www.daguerre.cz\/wp-content\/uploads\/beanbag1_6.png","url":"https:\/\/www.daguerre.cz\/wp-content\/uploads\/beanbag1_6.png","height":0,"width":0},"keywords":null}]}