[{"@context":"https:\/\/schema.org\/","@type":"Article","@id":"https:\/\/www.daguerre.cz\/protektorat-cechy-a-morava-a-protinacisticky-odboj\/#Article","mainEntityOfPage":"https:\/\/www.daguerre.cz\/protektorat-cechy-a-morava-a-protinacisticky-odboj\/","headline":"Protektor\u00e1t \u010cechy a Morava a protinacistick\u00fd odboj","name":"Protektor\u00e1t \u010cechy a Morava a protinacistick\u00fd odboj","description":"\u00b7\u00a0\u00a0\u00a0\u00a0\u00a0\u00a0\u00a0\u00a0 odboj pom\u00e1hal lidem dostat se do zahrani\u010d\u00ed, fale\u0161n\u00e9 legitimace \u00b7\u00a0\u00a0\u00a0\u00a0\u00a0\u00a0\u00a0\u00a0 opravdov\u00fd za\u010dal a\u017e ve v\u00e1lce (1939-40), organizace rozb\u00edjeny gestapem \u00b7\u00a0\u00a0\u00a0\u00a0\u00a0\u00a0\u00a0\u00a0 Politick\u00e9 \u00fast\u0159ed\u00ed\u2013 demokrat\u00e9\u2013 Prokop Drtina, P\u0159emysl \u0160\u00e1ma a dal\u0161\u00ed \u2013 pokou\u0161eli se udr\u017eovat styk s Bene\u0161em \u00b7\u00a0\u00a0\u00a0\u00a0\u00a0\u00a0\u00a0\u00a0 Obrana n\u00e1roda... <a class=\"more-link\" href=\"https:\/\/www.daguerre.cz\/protektorat-cechy-a-morava-a-protinacisticky-odboj\/\">Pokra\u010dovat ve \u010dten\u00ed &rarr;<\/a>","datePublished":"2019-06-07","dateModified":"2023-05-15","author":{"@type":"Person","@id":"https:\/\/www.daguerre.cz\/author\/devene\/#Person","name":"devene","url":"https:\/\/www.daguerre.cz\/author\/devene\/","identifier":1,"image":{"@type":"ImageObject","@id":"https:\/\/secure.gravatar.com\/avatar\/093836c6bc976bea6a4c3cd39f9136c261430c33201aa865249fef2be34e3fdb?s=96&d=mm&r=g","url":"https:\/\/secure.gravatar.com\/avatar\/093836c6bc976bea6a4c3cd39f9136c261430c33201aa865249fef2be34e3fdb?s=96&d=mm&r=g","height":96,"width":96}},"publisher":{"@type":"Organization","name":"daguerre.cz","logo":{"@type":"ImageObject","@id":"\/logo.png","url":"\/logo.png","width":600,"height":60}},"image":{"@type":"ImageObject","@id":"https:\/\/www.daguerre.cz\/wp-content\/uploads\/img_a347187_w2734_t1561387457.png","url":"https:\/\/www.daguerre.cz\/wp-content\/uploads\/img_a347187_w2734_t1561387457.png","height":0,"width":0},"url":"https:\/\/www.daguerre.cz\/protektorat-cechy-a-morava-a-protinacisticky-odboj\/","wordCount":364,"articleBody":"\u00b7\u00a0\u00a0\u00a0\u00a0\u00a0\u00a0\u00a0\u00a0 odboj pom\u00e1hal lidem dostat se do zahrani\u010d\u00ed, fale\u0161n\u00e9 legitimace\u00b7\u00a0\u00a0\u00a0\u00a0\u00a0\u00a0\u00a0\u00a0 opravdov\u00fd za\u010dal a\u017e ve v\u00e1lce (1939-40), organizace rozb\u00edjeny gestapem\u00b7\u00a0\u00a0\u00a0\u00a0\u00a0\u00a0\u00a0\u00a0 Politick\u00e9 \u00fast\u0159ed\u00ed\u2013 demokrat\u00e9\u2013 Prokop Drtina, P\u0159emysl \u0160\u00e1ma a dal\u0161\u00ed \u2013 pokou\u0161eli se udr\u017eovat styk s Bene\u0161em\u00b7\u00a0\u00a0\u00a0\u00a0\u00a0\u00a0\u00a0\u00a0 Obrana n\u00e1roda \u2013b\u00fdval\u00ed d\u016fstojn\u00edci \u010ds. arm\u00e1dy\u00b7\u00a0\u00a0\u00a0\u00a0\u00a0\u00a0\u00a0\u00a0 Peti\u010dn\u00ed v\u00fdbor V\u011brni z\u016fstaneme\u2013 oslovoval nej\u0161ir\u0161\u00ed ve\u0159ejnost \u2013 spolupr\u00e1ce s ostatn\u00edmi organizacemi\u00b7\u00a0\u00a0\u00a0\u00a0\u00a0\u00a0\u00a0\u00a0 PVVZ se spojuje s Politick\u00fdm \u00fast\u0159ed\u00edm \u2192 \u201e\u00dast\u0159edn\u00ed veden\u00ed odboje dom\u00e1c\u00edho\u201c \u2013 c\u00edlem je bojovat za svobodu \u010cech\u016f a Slov\u00e1k\u016f, po v\u00e1lce obnovit \u010cSR \u2013 cht\u011bli nav\u00e1zat spojen\u00ed se s Lond\u00fdnem\u2013 naru\u0161ovali telekomunika\u010dn\u00ed spojen\u00ed, \u017eelezni\u010dn\u00ed dopravu\u2026\u00b7\u00a0\u00a0\u00a0\u00a0\u00a0\u00a0\u00a0\u00a0 komunistick\u00e1 strana\u2013 napojen\u00ed na SSSR \u2013 instrukce postupovat samostatn\u011b \u2013 Gottwald v Moskv\u011b \u2013 postupn\u011b komunistick\u00fd a demokratick\u00fd odboj za\u010daly spolupracovat\u00b7\u00a0\u00a0\u00a0\u00a0\u00a0\u00a0\u00a0\u00a0 Hitler si myslel, \u017ee Neurath nezvl\u00e1d\u00e1 situaci \u2192 z\u00e1\u0159\u00ed 1941 &#8211; protektorem se st\u00e1v\u00e1 Heydrich\u00b7\u00a0\u00a0\u00a0\u00a0\u00a0\u00a0\u00a0\u00a0 vyhl\u00e1\u0161eno stann\u00e9 pr\u00e1vo \u2013 pozat\u00fdk\u00e1ni Alois Eli\u00e1\u0161 a dal\u0161\u00ed \u2013 bez \u017e\u00e1dn\u00e9ho soudu popravov\u00e1ni\u00b7\u00a0\u00a0\u00a0\u00a0\u00a0\u00a0\u00a0\u00a0 para v\u00fdsadky\u2013 sabot\u00e9\u0159i \u2013 c\u00edlem odstranit Heydricha\u00b7\u00a0\u00a0\u00a0\u00a0\u00a0\u00a0\u00a0\u00a0 27. 5. 1942\u2013 atent\u00e1t na Heydricha \u2013 J. Gab\u010d\u00edk aj. Kubi\u0161 \u2013 para\u0161utist\u00e9 z VB \u2013 Evropa anulovala Mnichovskou dohodu\u00b7\u00a0\u00a0\u00a0\u00a0\u00a0\u00a0\u00a0\u00a0 2. stann\u00e9 pr\u00e1vo\u2013Heydrichi\u00e1da\u00b7\u00a0\u00a0\u00a0\u00a0\u00a0\u00a0\u00a0\u00a0 hromadn\u00e9 popravy \u2192 ka\u017ed\u00fd den vyhla\u0161ov\u00e1ny ob\u011bti, sta\u010dilo, aby \u010dlov\u011bk atent\u00e1t schvaloval\u00b7\u00a0\u00a0\u00a0\u00a0\u00a0\u00a0\u00a0\u00a0 Gab\u010d\u00edk a Kubi\u0161 se ukr\u00fdvali v kostele, i p\u0159es popravy je nemohli nacist\u00e9 naj\u00edt\u00b7\u00a0\u00a0\u00a0\u00a0\u00a0\u00a0\u00a0\u00a0 para\u0161utista Karel \u010curda je zradil \u2013 pat\u0159il k jin\u00e9mu v\u00fdsadku, schov\u00e1val se u sv\u00e9 rodiny \u2013 psychicky neunesl, co se d\u011bje, odjel do s\u00eddla gestapa v Praze a prozradil, co v\u00ed\u00b7\u00a0\u00a0\u00a0\u00a0\u00a0\u00a0\u00a0\u00a0 para\u0161utist\u00e9 se nevzdali do posledn\u00edho momentu \u2013 po sedmi hodin\u00e1ch si vzali zb\u00fdvaj\u00edc\u00ed obr\u00e1nci \u017eivot \u2013 v krypt\u011b nyn\u00ed muzeum\u00b7\u00a0\u00a0\u00a0\u00a0\u00a0\u00a0\u00a0\u00a0 vyvra\u017ed\u011bn\u00ed obc\u00ed Lidice a (24. 6.)Le\u017e\u00e1ky \u2013 vyp\u00e1leny a srovn\u00e1ny se zem\u00ed\u00b7\u00a0\u00a0\u00a0\u00a0\u00a0\u00a0\u00a0\u00a0 Protektor\u00e1t nebyl ve v\u00e1lce s N\u011bmeckem, a p\u0159esto takov\u00e9 hr\u016fzy\u00b7\u00a0\u00a0\u00a0\u00a0\u00a0\u00a0\u00a0\u00a0 po v\u00e1lce vesnice Lidice obnovena \u2013 muzeum, pam\u011btn\u00ed m\u00edsto, r\u016f\u017eov\u00fd sad\u00b7\u00a0\u00a0\u00a0\u00a0\u00a0\u00a0\u00a0\u00a0 \u010desk\u00e1 spole\u010dnost \u010d\u00e1ste\u010dn\u011b zastra\u0161ena, dok\u00e1zala se p\u0159es to p\u0159en\u00e9st \u2013 znovu odbojov\u00e9 organizace\u00a0                                                                                                                                                                                                                                                                                                                                                                                        4.1\/5 - (13 votes)        "},{"@context":"https:\/\/schema.org\/","@type":"BreadcrumbList","itemListElement":[{"@type":"ListItem","position":1,"name":"Protektor\u00e1t \u010cechy a Morava a protinacistick\u00fd odboj","item":"https:\/\/www.daguerre.cz\/protektorat-cechy-a-morava-a-protinacisticky-odboj\/#breadcrumbitem"}]}]