[{"@context":"https:\/\/schema.org\/","@type":"Article","@id":"https:\/\/www.daguerre.cz\/nakup-cerpadla\/#Article","mainEntityOfPage":"https:\/\/www.daguerre.cz\/nakup-cerpadla\/","headline":"N\u00e1kup \u010derpadla","name":"N\u00e1kup \u010derpadla","description":"V\u017edycky jsem si \u0159\u00edkala, \u017ee m\u00edt doma kvalitn\u00ed tepeln\u00e9 \u010derpadlo se samoz\u0159ejm\u011b vyplat\u00ed. A v\u00edte, dne\u0161n\u00ed doba je opravdu hodn\u011b slo\u017eit\u00e1. A j\u00e1 si mysl\u00edm, \u017ee to chce m\u00edt opravdu hodn\u011b kvalitn\u00ed tepeln\u00e9 \u010derpadlo. A proto\u017ee j\u00e1 s p\u0159\u00edtelem bydl\u00edm... <a class=\"more-link\" href=\"https:\/\/www.daguerre.cz\/nakup-cerpadla\/\">Pokra\u010dovat ve \u010dten\u00ed &rarr;<\/a>","datePublished":"2022-09-18","dateModified":"2022-09-18","author":{"@type":"Person","@id":"https:\/\/www.daguerre.cz\/author\/devene\/#Person","name":"devene","url":"https:\/\/www.daguerre.cz\/author\/devene\/","identifier":1,"image":{"@type":"ImageObject","@id":"https:\/\/secure.gravatar.com\/avatar\/093836c6bc976bea6a4c3cd39f9136c261430c33201aa865249fef2be34e3fdb?s=96&d=mm&r=g","url":"https:\/\/secure.gravatar.com\/avatar\/093836c6bc976bea6a4c3cd39f9136c261430c33201aa865249fef2be34e3fdb?s=96&d=mm&r=g","height":96,"width":96}},"publisher":{"@type":"Organization","name":"daguerre.cz","logo":{"@type":"ImageObject","@id":"\/logo.png","url":"\/logo.png","width":600,"height":60}},"image":{"@type":"ImageObject","@id":"https:\/\/www.daguerre.cz\/wp-content\/uploads\/firemn%C3%AD%20objekt_3.jpg","url":"https:\/\/www.daguerre.cz\/wp-content\/uploads\/firemn%C3%AD%20objekt_3.jpg","height":0,"width":0},"url":"https:\/\/www.daguerre.cz\/nakup-cerpadla\/","about":["V\u00fdrobky"],"wordCount":399,"articleBody":"   V\u017edycky jsem si \u0159\u00edkala, \u017ee m\u00edt doma kvalitn\u00ed tepeln\u00e9 \u010derpadlo se samoz\u0159ejm\u011b vyplat\u00ed. A v\u00edte, dne\u0161n\u00ed doba je opravdu hodn\u011b slo\u017eit\u00e1. A j\u00e1 si mysl\u00edm, \u017ee to chce m\u00edt opravdu hodn\u011b kvalitn\u00ed tepeln\u00e9 \u010derpadlo. A proto\u017ee j\u00e1 s p\u0159\u00edtelem bydl\u00edm v Plzni, tak je logick\u00e9, \u017ee sh\u00e1n\u00edm a tepeln\u00e9 \u010derpadlo z Plzn\u011b. Nav\u00edc ale m\u00e1m s p\u0159\u00edtelem velk\u00e9 \u0161t\u011bst\u00ed, proto\u017ee plze\u0148sk\u00e1 Tepeln\u00e1 \u010derpadla jsou hodn\u011b vychvalov\u00e1na. A opravdu ka\u017ed\u00fd je vychvaluje a \u0159\u00edk\u00e1, \u017ee plze\u0148sk\u00e1 Tepeln\u00e1 \u010derpadla jsou kvalitn\u00ed a maj\u00ed kvalitn\u00ed materi\u00e1l, kter\u00fd opravdu dlouho vydr\u017e\u00ed. Byla jsem v\u00e1\u017en\u011b r\u00e1da. A potom, kdy\u017e jsme s p\u0159\u00edtelem je\u0161t\u011b p\u0159em\u00fd\u0161leli, \u017ee bychom jeho m\u00e1m\u011b po\u0159\u00eddili na V\u00e1noce taky kvalitn\u00ed plze\u0148sk\u00e9 tepeln\u00e9 \u010derpadlo, tak jsme si \u0159ekli, \u017ee by to byl jsi skv\u011bl\u00fd n\u00e1pad. Proto\u017ee jeho m\u00e1ma u\u017e m\u00e1 sv\u00e9 tepeln\u00e9 \u010derpadlo opravdu hodn\u011b star\u00e9. A taky si mysl\u00edm, \u017ee ona s n\u00edm ani zach\u00e1zet neum\u00ed.Proto\u017ee ona v\u017edycky \u0159\u00edk\u00e1, \u017ee v\u0161echno um\u00ed, p\u0159itom to ale nen\u00ed pravda. A kolikr\u00e1t \u0159\u00edk\u00e1, \u017ee se v n\u011b\u010dem vyzn\u00e1, p\u0159itom to ale nen\u00ed pravda. Jenom\u017ee to potom dopadne v\u017edycky opravdu hodn\u011b katastrof\u00e1ln\u011b. P\u0159\u00edtelova maminka se v\u017edycky v n\u011b\u010dem vrt\u00e1 a v\u017edycky to dopadne katastrof\u00e1ln\u011b. Bu\u010fto n\u011bco rozbije nebo to skon\u010d\u00ed hroznou n\u011bjak\u00fdm \u00farazem. A tak jsem si s p\u0159\u00edtelem \u0159ekli, \u017ee nejlep\u0161\u00ed bude, kdy\u017e j\u00ed plze\u0148sk\u00e9 tepeln\u00e9 \u010derpadlo sami po\u0159\u00edd\u00edme a nech\u00e1me n\u011bjak\u00e9 odborn\u00edky, aby tam to tepeln\u00e9 \u010derpadlo z Plzn\u011b p\u0159id\u011blali sami. Nen\u00ed p\u0159ece nic lep\u0161\u00edho, ne\u017e kdy\u017e si pak m\u016f\u017eete st\u011b\u017eovat a n\u011bkoho jin\u00e9ho ne\u017e si potom vy\u010d\u00edtat n\u011bco, co jste ud\u011blali vy \u0161patn\u011b. Tohle je alespo\u0148 m\u016fj a p\u0159\u00edtel\u016fv n\u00e1zor. Tak\u017ee pokud chcete m\u00edt taky kvalitn\u00ed plze\u0148sk\u00e9 tepeln\u00e9 \u010derpadlo, tak nav\u0161tivte str\u00e1nky www.i-nastroje.cz, najdete informace o tepeln\u00fdch \u010derpadlech. Nebo pokud u\u017e zn\u00e1te tepeln\u00e1 \u010derpadla z Plzn\u011b https:\/\/www.sunus.cz\/tepelna-cerpadla, tak si je m\u016f\u017eete rovnou po\u0159\u00eddit. Nebo vy byste necht\u011bli kvalitn\u00ed tepeln\u00e9 \u010derpadlo z Plzn\u011b?                                                                                                                                                                                                                                                                                                                                                                                          5\/5 - (3 votes)        "},{"@context":"https:\/\/schema.org\/","@type":"BreadcrumbList","itemListElement":[{"@type":"ListItem","position":1,"name":"N\u00e1kup \u010derpadla","item":"https:\/\/www.daguerre.cz\/nakup-cerpadla\/#breadcrumbitem"}]}]